{"id":276,"date":"2023-09-24T09:12:52","date_gmt":"2023-09-24T07:12:52","guid":{"rendered":"https:\/\/trjb25.ch\/2023\/09\/24\/der-berner-jura-wird-sein-regionalschiessen-wiederfinden\/"},"modified":"2023-12-02T08:27:05","modified_gmt":"2023-12-02T07:27:05","slug":"der-berner-jura-wird-sein-regionalschiessen-wiederfinden","status":"publish","type":"post","link":"https:\/\/trjb25.ch\/de\/2023\/09\/24\/der-berner-jura-wird-sein-regionalschiessen-wiederfinden\/","title":{"rendered":"Der Berner Jura wird sein Regionalschiessen wiederfinden"},"content":{"rendered":"<div class=\"fusion-text fusion-text-1\">\n<p><strong>F\u00fcnfundzwanzig Jahre nach der letzten Veranstaltung wird im September 2025 im Berner Jura ein Regionalschiessen stattfinden. Das Organisationskomitee enth\u00fcllte am Freitag die Konturen der Veranstaltung.<\/strong><\/p>\n<p>Es wurde seit 25 Jahren erwartet: Der Berner Jura wird 2025 wieder sein regionales Sch\u00fctzenwesen haben. Die Association jurassienne bernoise sportive de tir (AJBST) hat am Freitag ihr Projekt vorgestellt: eine Veranstaltung an zwei Wochenenden, vom 5. bis 7. und vom 12. bis 14. September 2025. Das neuralgische Zentrum wird in der Festhalle von Reconvilier eingerichtet, aber ein Dutzend St\u00e4nde werden in der gesamten Region requiriert, von St-Imier \u00fcber Nods und Malleray-B\u00e9vilard bis Moutier. &#8222;Der AJBST hat 35 Sektionen mit rund 1&#8217;000 Mitgliedern. Alle Sektionen werden in irgendeiner Form an der Veranstaltung beteiligt sein&#8220;, betonte Martine Boillat, Pr\u00e4sidentin. Der Verein organisierte das Kantonale Schie\u00dfen im Jahr 2017. Eine &#8222;gro\u00dfartige Erfahrung&#8220;, an der fast 11.000 Sch\u00fctzen teilnahmen. &#8222;Gerade diese Erfahrung, verbunden mit der Erneuerung des Komitees, hat uns motiviert, dieses Projekt des Regionalschiessens in Angriff zu nehmen. Es handelt sich gewisserma\u00dfen um ein kleines Tir cantonal, da man eher zwischen 3.000 und 4.000 Teilnehmern erwartet&#8220;, f\u00e4hrt Martine Boillat fort.<\/p>\n<p><strong>Martine Boillat: &#8222;Wir haben die F\u00e4higkeit, es zu tun&#8220;.<\/strong><\/p>\n<\/div>\n<p>&nbsp;<\/p>\n<audio class=\"wp-audio-shortcode\" id=\"audio-276-1\" preload=\"none\" style=\"width: 100%;\" controls=\"controls\"><source type=\"audio\/mpeg\" src=\"https:\/\/trjb25.ch\/wp-content\/uploads\/2023\/09\/284462.mp3?_=1\" \/><a href=\"https:\/\/trjb25.ch\/wp-content\/uploads\/2023\/09\/284462.mp3\">https:\/\/trjb25.ch\/wp-content\/uploads\/2023\/09\/284462.mp3<\/a><\/audio>\n<div class=\"fusion-text fusion-text-4\">\n<p>&nbsp;<\/p>\n<p>Die Abgeordnete und B\u00fcrgermeisterin von Perrefitte Virginie Heyer, die jedoch keine Sch\u00fctzin ist, wurde angesprochen, um die Leitung des Organisationskomitees dieses Regionalschiessens im Berner Jura zu \u00fcbernehmen. Sie sieht in dem Projekt ein enormes Potenzial f\u00fcr die Ausstrahlung der Region Grand Chasseral. Virginie Heyer weist auch darauf hin, wie wichtig es ist, die Veranstaltung sehr fr\u00fchzeitig anzuk\u00fcndigen. &#8222;Die Sch\u00fctzinnen und Sch\u00fctzen von hier und anderswo m\u00fcssen diese Daten schon heute in ihre Agenda eintragen k\u00f6nnen. Die Werbung wird sehr breit angelegt sein, auf Franz\u00f6sisch, auf Deutsch, in allen Versammlungen des Kantons.&#8220;<\/p>\n<p><strong>Virginie Heyer: &#8222;Das Schie\u00dfen zu einem unumg\u00e4nglichen Ereignis machen&#8220;.<\/strong><\/p>\n<\/div>\n<div class=\"fusion-text fusion-text-5\">\n<p>&nbsp;<\/p>\n<audio class=\"wp-audio-shortcode\" id=\"audio-276-2\" preload=\"none\" style=\"width: 100%;\" controls=\"controls\"><source type=\"audio\/mpeg\" src=\"https:\/\/trjb25.ch\/wp-content\/uploads\/2023\/09\/284463.mp3?_=2\" \/><a href=\"https:\/\/trjb25.ch\/wp-content\/uploads\/2023\/09\/284463.mp3\">https:\/\/trjb25.ch\/wp-content\/uploads\/2023\/09\/284463.mp3<\/a><\/audio>\n<div class=\"fusion-text fusion-text-6\">\n<p>&nbsp;<\/p>\n<p>Sportlich gesehen &#8211; und ohne auf technische Details einzugehen &#8211; hat jeder Sch\u00fctze die Wahl zwischen etwa zehn verschiedenen Passen pro Distanz. Es wird unter anderem aus 300, 50 und 25 Metern geschossen. \/oza<\/p>\n<p><em>Quelle: <a href=\"https:\/\/www.rjb.ch\/rjb\/Actualite\/Region\/20230915-Le-Jura-bernois-retrouvera-son-Tir-regional.html\" target=\"_blank\" rel=\"noopener\">https:\/\/www.rjb.ch\/rjb\/Actualite\/Region\/20230915-Le-Jura-bernois-retrouvera-son-Tir-regional.html<\/a><\/em><\/p>\n<\/div>\n<\/div>\n","protected":false},"excerpt":{"rendered":"<p>F\u00fcnfundzwanzig Jahre nach der letzten Veranstaltung wird im September 2025 im Berner Jura ein Regionalschiessen stattfinden. Das Organisationskomitee enth\u00fcllte am Freitag die Konturen der Veranstaltung. Es wurde seit 25 Jahren [&hellip;]<\/p>\n","protected":false},"author":1,"featured_media":221,"comment_status":"open","ping_status":"open","sticky":false,"template":"","format":"standard","meta":{"_et_pb_use_builder":"","_et_pb_old_content":"","_et_gb_content_width":"","footnotes":""},"categories":[22],"tags":[],"class_list":["post-276","post","type-post","status-publish","format-standard","has-post-thumbnail","hentry","category-unkategorisiert"],"_links":{"self":[{"href":"https:\/\/trjb25.ch\/de\/wp-json\/wp\/v2\/posts\/276","targetHints":{"allow":["GET"]}}],"collection":[{"href":"https:\/\/trjb25.ch\/de\/wp-json\/wp\/v2\/posts"}],"about":[{"href":"https:\/\/trjb25.ch\/de\/wp-json\/wp\/v2\/types\/post"}],"author":[{"embeddable":true,"href":"https:\/\/trjb25.ch\/de\/wp-json\/wp\/v2\/users\/1"}],"replies":[{"embeddable":true,"href":"https:\/\/trjb25.ch\/de\/wp-json\/wp\/v2\/comments?post=276"}],"version-history":[{"count":1,"href":"https:\/\/trjb25.ch\/de\/wp-json\/wp\/v2\/posts\/276\/revisions"}],"predecessor-version":[{"id":277,"href":"https:\/\/trjb25.ch\/de\/wp-json\/wp\/v2\/posts\/276\/revisions\/277"}],"wp:featuredmedia":[{"embeddable":true,"href":"https:\/\/trjb25.ch\/de\/wp-json\/wp\/v2\/media\/221"}],"wp:attachment":[{"href":"https:\/\/trjb25.ch\/de\/wp-json\/wp\/v2\/media?parent=276"}],"wp:term":[{"taxonomy":"category","embeddable":true,"href":"https:\/\/trjb25.ch\/de\/wp-json\/wp\/v2\/categories?post=276"},{"taxonomy":"post_tag","embeddable":true,"href":"https:\/\/trjb25.ch\/de\/wp-json\/wp\/v2\/tags?post=276"}],"curies":[{"name":"wp","href":"https:\/\/api.w.org\/{rel}","templated":true}]}}