{"id":278,"date":"2023-09-15T09:50:43","date_gmt":"2023-09-15T07:50:43","guid":{"rendered":"https:\/\/trjb25.ch\/2023\/09\/15\/pressemitteilung\/"},"modified":"2023-09-15T09:50:43","modified_gmt":"2023-09-15T07:50:43","slug":"pressemitteilung","status":"publish","type":"post","link":"https:\/\/trjb25.ch\/de\/2023\/09\/15\/pressemitteilung\/","title":{"rendered":"Pressemitteilung"},"content":{"rendered":"<h2>Ein organisiertes Regionalschie\u00dfen im Berner Jura im Jahr 2025<\/h2>\n<p>Nach 25 Jahren wird wieder ein regionales Schie\u00dfen auf der Ebene des Berner Jura organisiert. Der Berner Jurassische Schiesssportverband hat sich der Herausforderung gestellt, Sch\u00fctzen aus dem ganzen Kanton und dar\u00fcber hinaus an zwei Wochenenden im September 2025 zu vereinen und die Region bei diesem Grossanlass in den Vordergrund zu stellen.<\/p>\n<p>Das letzte im Berner Jura organisierte Regionalschie\u00dfen fand im Jahr 2000 statt. Die Association jurassienne bernoise sportive de tir (AJBST) wollte die Organisation dieser wichtigen Veranstaltung in der Welt des Sch\u00fctzenwesens wiederbeleben und sie auf die Agenda der Sch\u00fctzen im Jahr 2025 setzen. Martine Boillat, Pr\u00e4sidentin des AJBST \u00e4ussert sich: &#8222;Nicht nur die Sch\u00fctzen aus dem Berner Jura werden zur Teilnahme eingeladen, sondern auch die Sch\u00fctzen aus dem ganzen Kanton Bern und dar\u00fcber hinaus. Wir sind stolz darauf, eine solche Veranstaltung auf die Beine stellen zu k\u00f6nnen&#8220;.<\/p>\n<p>Der AJBST hat Virginie Heyer, Abgeordnete und B\u00fcrgermeisterin von Perrefitte, gebeten, die Leitung des Organisationskomitees zu \u00fcbernehmen. Virginie Heyer sagt: &#8222;Es ist eine einmalige Gelegenheit, die Sch\u00fctzen im Berner Jura willkommen zu hei\u00dfen und den Menschen, die uns besuchen werden, ein sch\u00f6nes Bild der Region Grand Chasseral zu vermitteln. Ich f\u00fchle mich geehrt, das Team leiten zu d\u00fcrfen, das dieses Ereignis organisieren wird, und freue mich darauf, dazu beizutragen, den Schiesssport im Allgemeinen bei diesem grossen regionalen Fest im Jahr 2025 in den Vordergrund zu stellen!&#8220; Das Organisationskomitee besteht auch aus verschiedenen Mitgliedern des AJBST wie Martine Boillat (Pr\u00e4sidentin des AJBST), Ga\u00ebtan Aellen, Andr\u00e9 Sommer, Franco Villoz, Pablo Rezzonicco, Martine Sommer, Henri Mathez sowie aus verschiedenen externen Personen, die f\u00fcr diesen Anlass angefragt wurden. Dazu geh\u00f6ren St\u00e9phanie Niederhauser, Patrik Devaux, Patrick Tobler und Anthony Danz.<\/p>\n<p>Diese Sport- und Festveranstaltung wird an den Wochenenden vom 5. bis 7. September 2025 und vom 12. bis 14. September 2025 stattfinden. Alle Sch\u00fctzenvereine des Berner Juras wurden gebeten, einen Stand zu er\u00f6ffnen, als Reservestand zu fungieren oder die Organisation des Festplatzes zu unterst\u00fctzen. Das Kraftwerk wird sich in Reconvilier in der Festhalle befinden. Eine offizielle Zeremonie wird am 7. September 2025 stattfinden. Die Organisatoren m\u00f6chten aktiv mit der Gemeinde Reconvilier zusammenarbeiten, um die Veranstaltung zu einem Vorzeigetreffen im Berner Jura im Jahr 2025 zu machen.<\/p>\n<p>Das Organisationskomitee hat sich auch zum Ziel gesetzt, die Region Grand Chasseral und ihre Besonderheiten in den Vordergrund zu stellen. So greift das Logo der Veranstaltung mit der Weinrebe, einer Girolle und einem Windrad Schl\u00fcsselsymbole der Region auf. Diese Veranstaltung soll auch die Gelegenheit bieten, junge Menschen zu motivieren, sich auf lokaler Ebene in Sch\u00fctzenvereinen zu engagieren, und das Engagement in Vereinen hervorzuheben.<br \/>\nInformationen :<\/p>\n<p>Virginie Heyer, Pr\u00e4sidentin des Organisationskomitees des TRJB25 &#8211; 079 458 71 53<br \/>\nMartine Boillat, Pr\u00e4sidentin des AJBST &#8211; 079 949 43 97<\/p>\n","protected":false},"excerpt":{"rendered":"<p>Ein organisiertes Regionalschie\u00dfen im Berner Jura im Jahr 2025 Nach 25 Jahren wird wieder ein regionales Schie\u00dfen auf der Ebene des Berner Jura organisiert. Der Berner Jurassische Schiesssportverband hat sich [&hellip;]<\/p>\n","protected":false},"author":1,"featured_media":0,"comment_status":"closed","ping_status":"closed","sticky":false,"template":"","format":"standard","meta":{"_et_pb_use_builder":"","_et_pb_old_content":"","_et_gb_content_width":"","footnotes":""},"categories":[22],"tags":[],"class_list":["post-278","post","type-post","status-publish","format-standard","hentry","category-unkategorisiert"],"_links":{"self":[{"href":"https:\/\/trjb25.ch\/de\/wp-json\/wp\/v2\/posts\/278","targetHints":{"allow":["GET"]}}],"collection":[{"href":"https:\/\/trjb25.ch\/de\/wp-json\/wp\/v2\/posts"}],"about":[{"href":"https:\/\/trjb25.ch\/de\/wp-json\/wp\/v2\/types\/post"}],"author":[{"embeddable":true,"href":"https:\/\/trjb25.ch\/de\/wp-json\/wp\/v2\/users\/1"}],"replies":[{"embeddable":true,"href":"https:\/\/trjb25.ch\/de\/wp-json\/wp\/v2\/comments?post=278"}],"version-history":[{"count":0,"href":"https:\/\/trjb25.ch\/de\/wp-json\/wp\/v2\/posts\/278\/revisions"}],"wp:attachment":[{"href":"https:\/\/trjb25.ch\/de\/wp-json\/wp\/v2\/media?parent=278"}],"wp:term":[{"taxonomy":"category","embeddable":true,"href":"https:\/\/trjb25.ch\/de\/wp-json\/wp\/v2\/categories?post=278"},{"taxonomy":"post_tag","embeddable":true,"href":"https:\/\/trjb25.ch\/de\/wp-json\/wp\/v2\/tags?post=278"}],"curies":[{"name":"wp","href":"https:\/\/api.w.org\/{rel}","templated":true}]}}